{"id":7511,"date":"2024-10-04T13:11:00","date_gmt":"2024-10-04T11:11:00","guid":{"rendered":"https:\/\/www.folgarolas.com\/folgarolas-textil-participa-en-moare-la-interseccion-entre-moda-y-audiovisuales\/"},"modified":"2024-12-31T13:46:25","modified_gmt":"2024-12-31T12:46:25","slug":"folgarolas-textil-participates-in-moare-the-intersection-between-fashion-and-audiovisuals","status":"publish","type":"post","link":"https:\/\/www.folgarolas.com\/en\/folgarolas-textil-participates-in-moare-the-intersection-between-fashion-and-audiovisuals\/","title":{"rendered":"Folgarolas T\u00e9xtil participates in MOAR\u00c9, the intersection between fashion and audiovisuals"},"content":{"rendered":"[vc_row type=&#8221;full_width_background&#8221; full_screen_row_position=&#8221;middle&#8221; column_margin=&#8221;default&#8221; column_direction=&#8221;default&#8221; column_direction_tablet=&#8221;default&#8221; column_direction_phone=&#8221;default&#8221; bg_color=&#8221;#ffffff&#8221; scene_position=&#8221;center&#8221; top_padding=&#8221;0&#8243; text_color=&#8221;dark&#8221; text_align=&#8221;left&#8221; row_border_radius=&#8221;none&#8221; row_border_radius_applies=&#8221;bg&#8221; overflow=&#8221;visible&#8221; advanced_gradient_angle=&#8221;0&#8243; overlay_strength=&#8221;0.3&#8243; gradient_direction=&#8221;left_to_right&#8221; shape_divider_position=&#8221;bottom&#8221; bg_image_animation=&#8221;none&#8221; shape_type=&#8221;&#8221; gradient_type=&#8221;default&#8221;][vc_column column_padding=&#8221;no-extra-padding&#8221; column_padding_tablet=&#8221;inherit&#8221; column_padding_phone=&#8221;inherit&#8221; column_padding_position=&#8221;all&#8221; column_element_spacing=&#8221;default&#8221; background_color_opacity=&#8221;1&#8243; background_hover_color_opacity=&#8221;1&#8243; column_shadow=&#8221;none&#8221; column_border_radius=&#8221;none&#8221; column_link_target=&#8221;_self&#8221; column_position=&#8221;default&#8221; gradient_direction=&#8221;left_b_to_right_t&#8221; overlay_strength=&#8221;1&#8243; width=&#8221;1\/1&#8243; tablet_width_inherit=&#8221;default&#8221; tablet_text_alignment=&#8221;default&#8221; phone_text_alignment=&#8221;default&#8221; animation_type=&#8221;default&#8221; bg_image_animation=&#8221;none&#8221; border_type=&#8221;simple&#8221; column_border_width=&#8221;none&#8221; column_border_style=&#8221;solid&#8221;][vc_row_inner column_margin=&#8221;default&#8221; column_direction=&#8221;default&#8221; column_direction_tablet=&#8221;default&#8221; column_direction_phone=&#8221;default&#8221; bottom_padding=&#8221;5%&#8221; text_align=&#8221;left&#8221; row_position=&#8221;default&#8221; row_position_tablet=&#8221;inherit&#8221; row_position_phone=&#8221;inherit&#8221; overflow=&#8221;visible&#8221; pointer_events=&#8221;all&#8221;][vc_column_inner column_padding=&#8221;no-extra-padding&#8221; column_padding_tablet=&#8221;inherit&#8221; column_padding_phone=&#8221;inherit&#8221; column_padding_position=&#8221;all&#8221; column_element_spacing=&#8221;default&#8221; centered_text=&#8221;true&#8221; background_color_opacity=&#8221;1&#8243; background_hover_color_opacity=&#8221;1&#8243; column_shadow=&#8221;none&#8221; column_border_radius=&#8221;none&#8221; column_link_target=&#8221;_self&#8221; gradient_direction=&#8221;left_to_right&#8221; overlay_strength=&#8221;0.3&#8243; width=&#8221;1\/1&#8243; tablet_width_inherit=&#8221;default&#8221; animation_type=&#8221;default&#8221; bg_image_animation=&#8221;none&#8221; border_type=&#8221;simple&#8221; column_border_width=&#8221;none&#8221; column_border_style=&#8221;solid&#8221;][split_line_heading animation_type=&#8221;line-reveal-by-space&#8221; font_style=&#8221;h2&#8243; line_reveal_by_space_text_effect=&#8221;default&#8221; content_alignment=&#8221;default&#8221; mobile_content_alignment=&#8221;inherit&#8221; link_target=&#8221;_self&#8221; text_content=&#8221;Folgarolas T\u00e9xtil participates in Moar\u00e9 Terrassa, the renowned design, fashion and creativity event, on October 4, 5 and 6, 2024.&#8221; max_width=&#8221;650&#8243;][\/split_line_heading][split_line_heading animation_type=&#8221;line-reveal-by-space&#8221; font_style=&#8221;i&#8221; line_reveal_by_space_text_effect=&#8221;none&#8221; content_alignment=&#8221;default&#8221; mobile_content_alignment=&#8221;inherit&#8221; link_target=&#8221;_self&#8221; text_content=&#8221;This event, held annually in the heart of Terrassa, brings together the main players in the textile sector, emerging designers and established brands, offering a unique space to connect, be inspired and generate new opportunities for collaboration.&#8221; font_size=&#8221;1.1vw&#8221; font_line_height=&#8221;1.7&#8243; font_size_tablet=&#8221;18px&#8221; font_size_phone=&#8221;16px&#8221;][\/split_line_heading][\/vc_column_inner][\/vc_row_inner][\/vc_column][\/vc_row][vc_row type=&#8221;full_width_content&#8221; full_screen_row_position=&#8221;middle&#8221; column_margin=&#8221;default&#8221; equal_height=&#8221;yes&#8221; content_placement=&#8221;middle&#8221; column_direction=&#8221;default&#8221; column_direction_tablet=&#8221;default&#8221; column_direction_phone=&#8221;default&#8221; scene_position=&#8221;center&#8221; top_padding=&#8221;0&#8243; constrain_group_1=&#8221;yes&#8221; bottom_padding=&#8221;0&#8243; left_padding_tablet=&#8221;8%&#8221; constrain_group_4=&#8221;yes&#8221; right_padding_tablet=&#8221;8%&#8221; text_color=&#8221;dark&#8221; text_align=&#8221;left&#8221; row_border_radius=&#8221;none&#8221; row_border_radius_applies=&#8221;bg&#8221; overflow=&#8221;visible&#8221; advanced_gradient_angle=&#8221;0&#8243; overlay_strength=&#8221;0.3&#8243; gradient_direction=&#8221;left_to_right&#8221; shape_divider_position=&#8221;bottom&#8221; bg_image_animation=&#8221;none&#8221; gradient_type=&#8221;default&#8221; shape_type=&#8221;&#8221;][vc_column column_padding=&#8221;no-extra-padding&#8221; column_padding_tablet=&#8221;inherit&#8221; column_padding_phone=&#8221;inherit&#8221; column_padding_position=&#8221;all&#8221; column_element_spacing=&#8221;0px&#8221; background_color_opacity=&#8221;1&#8243; background_hover_color_opacity=&#8221;1&#8243; background_image=&#8221;7503&#8243; background_image_position=&#8221;center center&#8221; background_image_loading=&#8221;default&#8221; column_shadow=&#8221;none&#8221; column_border_radius=&#8221;none&#8221; column_link_target=&#8221;_self&#8221; column_position=&#8221;default&#8221; advanced_gradient_angle=&#8221;0&#8243; gradient_direction=&#8221;left_to_right&#8221; overlay_strength=&#8221;0.3&#8243; width=&#8221;1\/2&#8243; tablet_width_inherit=&#8221;default&#8221; tablet_text_alignment=&#8221;default&#8221; phone_text_alignment=&#8221;default&#8221; animation_type=&#8221;default&#8221; bg_image_animation=&#8221;none&#8221; border_type=&#8221;simple&#8221; column_border_width=&#8221;none&#8221; column_border_style=&#8221;solid&#8221; gradient_type=&#8221;default&#8221;][vc_row_inner column_margin=&#8221;default&#8221; column_direction=&#8221;default&#8221; column_direction_tablet=&#8221;default&#8221; column_direction_phone=&#8221;default&#8221; right_padding_desktop=&#8221;20%&#8221; right_padding_tablet=&#8221;10%&#8221; text_align=&#8221;left&#8221; row_position=&#8221;default&#8221; row_position_tablet=&#8221;inherit&#8221; row_position_phone=&#8221;inherit&#8221; overflow=&#8221;visible&#8221; pointer_events=&#8221;all&#8221;][vc_column_inner column_padding=&#8221;no-extra-padding&#8221; column_padding_tablet=&#8221;inherit&#8221; column_padding_phone=&#8221;inherit&#8221; column_padding_position=&#8221;all&#8221; column_element_spacing=&#8221;default&#8221; background_color_opacity=&#8221;1&#8243; background_hover_color_opacity=&#8221;1&#8243; column_shadow=&#8221;none&#8221; column_border_radius=&#8221;none&#8221; column_link_target=&#8221;_self&#8221; advanced_gradient_angle=&#8221;0&#8243; gradient_direction=&#8221;left_to_right&#8221; overlay_strength=&#8221;0.3&#8243; width=&#8221;1\/1&#8243; tablet_width_inherit=&#8221;default&#8221; animation_type=&#8221;default&#8221; bg_image_animation=&#8221;none&#8221; parallax_bg=&#8221;true&#8221; parallax_bg_speed=&#8221;very_subtle&#8221; border_type=&#8221;simple&#8221; column_border_width=&#8221;none&#8221; column_border_style=&#8221;solid&#8221; gradient_type=&#8221;default&#8221;][divider line_type=&#8221;No Line&#8221; custom_height=&#8221;90vh&#8221; custom_height_tablet=&#8221;70vh&#8221; custom_height_phone=&#8221;60vh&#8221;][\/vc_column_inner][\/vc_row_inner][\/vc_column][vc_column column_padding=&#8221;padding-8-percent&#8221; column_padding_tablet=&#8221;no-extra-padding&#8221; column_padding_phone=&#8221;no-extra-padding&#8221; column_padding_position=&#8221;all&#8221; column_element_spacing=&#8221;default&#8221; background_color_opacity=&#8221;1&#8243; background_hover_color_opacity=&#8221;1&#8243; column_shadow=&#8221;none&#8221; column_border_radius=&#8221;none&#8221; column_link_target=&#8221;_self&#8221; column_position=&#8221;default&#8221; advanced_gradient_angle=&#8221;0&#8243; gradient_direction=&#8221;left_to_right&#8221; overlay_strength=&#8221;0.3&#8243; width=&#8221;1\/2&#8243; tablet_width_inherit=&#8221;default&#8221; tablet_text_alignment=&#8221;default&#8221; phone_text_alignment=&#8221;default&#8221; animation_type=&#8221;default&#8221; bg_image_animation=&#8221;none&#8221; border_type=&#8221;simple&#8221; column_border_width=&#8221;none&#8221; column_border_style=&#8221;solid&#8221; gradient_type=&#8221;default&#8221;][nectar_highlighted_text color_type=&#8221;gradient&#8221; highlight_color=&#8221;#ff6b30&#8243; secondary_color=&#8221;rgba(255,107,48,0.01)&#8221; style=&#8221;half_text&#8221; custom_font_size=&#8221;7vh&#8221;]\n<h2>A space of inspiration that connects <em>textiles and audiovisuals<\/em><\/h2>\n[\/nectar_highlighted_text][nectar_cta btn_style=&#8221;arrow-animation&#8221; heading_tag=&#8221;h5&#8243; text_color=&#8221;#000000&#8243; button_color=&#8221;default&#8221; button_border_thickness=&#8221;0px&#8221; link_type=&#8221;regular&#8221; alignment=&#8221;left&#8221; alignment_tablet=&#8221;default&#8221; alignment_phone=&#8221;default&#8221; display=&#8221;block&#8221; display_tablet=&#8221;inherit&#8221; display_phone=&#8221;inherit&#8221; link_text=&#8221;A meeting point for fashion and design professionals and lovers, with talks and workshops given by industry experts. Exhibitions of textile design and art. And networking with companies and professionals who make a difference in the industry.&#8221; url=&#8221;#&#8221; margin_top=&#8221;10&#8243;][vc_row_inner column_margin=&#8221;none&#8221; column_direction=&#8221;default&#8221; column_direction_tablet=&#8221;default&#8221; column_direction_phone=&#8221;default&#8221; bottom_padding=&#8221;10&#8243; top_padding_tablet=&#8221;7%&#8221; text_align=&#8221;left&#8221; row_position=&#8221;default&#8221; row_position_tablet=&#8221;inherit&#8221; row_position_phone=&#8221;inherit&#8221; overflow=&#8221;visible&#8221; pointer_events=&#8221;all&#8221;][vc_column_inner column_padding=&#8221;no-extra-padding&#8221; column_padding_tablet=&#8221;inherit&#8221; column_padding_phone=&#8221;inherit&#8221; column_padding_position=&#8221;all&#8221; column_element_spacing=&#8221;default&#8221; background_color_opacity=&#8221;1&#8243; background_hover_color_opacity=&#8221;1&#8243; column_shadow=&#8221;none&#8221; column_border_radius=&#8221;none&#8221; column_link_target=&#8221;_self&#8221; gradient_direction=&#8221;left_to_right&#8221; overlay_strength=&#8221;0.3&#8243; width=&#8221;1\/1&#8243; tablet_width_inherit=&#8221;default&#8221; animation_type=&#8221;default&#8221; enable_animation=&#8221;true&#8221; animation=&#8221;fade-in-from-bottom&#8221; bg_image_animation=&#8221;none&#8221; border_type=&#8221;simple&#8221; column_border_width=&#8221;none&#8221; column_border_style=&#8221;solid&#8221; gradient_type=&#8221;default&#8221;][vc_column_text]\n<h5>Vapor Prodis<\/h5>\n[\/vc_column_text][\/vc_column_inner][\/vc_row_inner][vc_row_inner column_margin=&#8221;none&#8221; column_direction=&#8221;default&#8221; column_direction_tablet=&#8221;default&#8221; column_direction_phone=&#8221;default&#8221; text_align=&#8221;left&#8221; row_position=&#8221;default&#8221; row_position_tablet=&#8221;inherit&#8221; row_position_phone=&#8221;inherit&#8221; overflow=&#8221;visible&#8221; pointer_events=&#8221;all&#8221;][vc_column_inner column_padding=&#8221;no-extra-padding&#8221; column_padding_tablet=&#8221;inherit&#8221; column_padding_phone=&#8221;inherit&#8221; column_padding_position=&#8221;all&#8221; column_element_spacing=&#8221;default&#8221; background_color_opacity=&#8221;1&#8243; background_hover_color_opacity=&#8221;1&#8243; column_shadow=&#8221;none&#8221; column_border_radius=&#8221;none&#8221; column_link_target=&#8221;_self&#8221; gradient_direction=&#8221;left_to_right&#8221; overlay_strength=&#8221;0.3&#8243; width=&#8221;1\/1&#8243; tablet_width_inherit=&#8221;default&#8221; animation_type=&#8221;default&#8221; enable_animation=&#8221;true&#8221; animation=&#8221;fade-in-from-bottom&#8221; bg_image_animation=&#8221;none&#8221; border_type=&#8221;simple&#8221; column_border_width=&#8221;none&#8221; column_border_style=&#8221;solid&#8221; gradient_type=&#8221;default&#8221;][split_line_heading animation_type=&#8221;line-reveal-by-space&#8221; font_style=&#8221;i&#8221; line_reveal_by_space_text_effect=&#8221;none&#8221; content_alignment=&#8221;default&#8221; mobile_content_alignment=&#8221;inherit&#8221; link_target=&#8221;_self&#8221; text_content=&#8221;At our stand, visitors were able to discover our collections: We presented our most recent lines of sustainable and high-quality fabrics, designed to meet the needs of an increasingly demanding and environmentally-committed market.<\/p>\n<p>Discover innovations: We showcase innovative products that reflect the latest trends in textile technology and design. Connect with our team: We share our vision, values and future projects. Our team of experts was available to answer all questions and explore possible synergies.&#8221; font_size=&#8221;1.1vw&#8221; font_line_height=&#8221;1.7&#8243; font_size_tablet=&#8221;18px&#8221; font_size_phone=&#8221;16px&#8221;][\/split_line_heading][\/vc_column_inner][\/vc_row_inner][\/vc_column][\/vc_row][vc_row type=&#8221;full_width_background&#8221; full_screen_row_position=&#8221;middle&#8221; column_margin=&#8221;default&#8221; column_direction=&#8221;default&#8221; column_direction_tablet=&#8221;default&#8221; column_direction_phone=&#8221;default&#8221; bg_color=&#8221;#ffffff&#8221; scene_position=&#8221;center&#8221; top_padding=&#8221;8%&#8221; text_color=&#8221;dark&#8221; text_align=&#8221;left&#8221; row_border_radius=&#8221;none&#8221; row_border_radius_applies=&#8221;bg&#8221; overflow=&#8221;visible&#8221; advanced_gradient_angle=&#8221;0&#8243; overlay_strength=&#8221;0.3&#8243; gradient_direction=&#8221;left_to_right&#8221; shape_divider_position=&#8221;bottom&#8221; bg_image_animation=&#8221;none&#8221; shape_type=&#8221;&#8221; gradient_type=&#8221;default&#8221;][vc_column column_padding=&#8221;no-extra-padding&#8221; column_padding_tablet=&#8221;inherit&#8221; column_padding_phone=&#8221;inherit&#8221; column_padding_position=&#8221;all&#8221; column_element_spacing=&#8221;default&#8221; background_color_opacity=&#8221;1&#8243; background_hover_color_opacity=&#8221;1&#8243; column_shadow=&#8221;none&#8221; column_border_radius=&#8221;none&#8221; column_link_target=&#8221;_self&#8221; column_position=&#8221;default&#8221; gradient_direction=&#8221;left_b_to_right_t&#8221; overlay_strength=&#8221;1&#8243; width=&#8221;1\/1&#8243; tablet_width_inherit=&#8221;default&#8221; tablet_text_alignment=&#8221;default&#8221; phone_text_alignment=&#8221;default&#8221; animation_type=&#8221;default&#8221; bg_image_animation=&#8221;none&#8221; border_type=&#8221;simple&#8221; column_border_width=&#8221;none&#8221; column_border_style=&#8221;solid&#8221;][vc_row_inner column_margin=&#8221;default&#8221; column_direction=&#8221;default&#8221; column_direction_tablet=&#8221;default&#8221; column_direction_phone=&#8221;default&#8221; bottom_padding=&#8221;5%&#8221; text_align=&#8221;left&#8221; row_position=&#8221;default&#8221; row_position_tablet=&#8221;inherit&#8221; row_position_phone=&#8221;inherit&#8221; overflow=&#8221;visible&#8221; pointer_events=&#8221;all&#8221;][vc_column_inner column_padding=&#8221;no-extra-padding&#8221; column_padding_tablet=&#8221;inherit&#8221; column_padding_phone=&#8221;inherit&#8221; column_padding_position=&#8221;all&#8221; column_element_spacing=&#8221;default&#8221; centered_text=&#8221;true&#8221; background_color_opacity=&#8221;1&#8243; background_hover_color_opacity=&#8221;1&#8243; column_shadow=&#8221;none&#8221; column_border_radius=&#8221;none&#8221; column_link_target=&#8221;_self&#8221; gradient_direction=&#8221;left_to_right&#8221; overlay_strength=&#8221;0.3&#8243; width=&#8221;1\/1&#8243; tablet_width_inherit=&#8221;default&#8221; animation_type=&#8221;default&#8221; bg_image_animation=&#8221;none&#8221; border_type=&#8221;simple&#8221; column_border_width=&#8221;none&#8221; column_border_style=&#8221;solid&#8221;][split_line_heading animation_type=&#8221;line-reveal-by-space&#8221; font_style=&#8221;h2&#8243; line_reveal_by_space_text_effect=&#8221;default&#8221; content_alignment=&#8221;default&#8221; mobile_content_alignment=&#8221;inherit&#8221; link_target=&#8221;_self&#8221; text_content=&#8221;MOAR\u00c9 is an interference&#8221; max_width=&#8221;650&#8243;][\/split_line_heading][split_line_heading animation_type=&#8221;line-reveal-by-space&#8221; font_style=&#8221;i&#8221; line_reveal_by_space_text_effect=&#8221;none&#8221; content_alignment=&#8221;default&#8221; mobile_content_alignment=&#8221;inherit&#8221; link_target=&#8221;_self&#8221; text_content=&#8221;The intersection of two objects that, when touched, generate a pattern that disconcerts the human eye. MOAR\u00c9 is a word that conceptually affects the two areas that interest us: fashion and audiovisual. A word that is found in the semantic field of both worlds and that, in both cases, alludes to an irreverent and uncontrollable texture.&#8221; font_size=&#8221;1.1vw&#8221; font_line_height=&#8221;1.7&#8243; font_size_tablet=&#8221;18px&#8221; font_size_phone=&#8221;16px&#8221;][\/split_line_heading][\/vc_column_inner][\/vc_row_inner][\/vc_column][\/vc_row]\n","protected":false},"excerpt":{"rendered":"<p>We unite two worlds. MOAR\u00c9 is audiovisual and fashion. Cinema and textiles. Innovation in the fields of image and sound and the latest trends in fashion.<\/p>\n","protected":false},"author":2,"featured_media":7506,"comment_status":"closed","ping_status":"open","sticky":false,"template":"","format":"standard","meta":{"footnotes":""},"categories":[539],"tags":[],"class_list":{"0":"post-7511","1":"post","2":"type-post","3":"status-publish","4":"format-standard","5":"has-post-thumbnail","7":"category-today"},"yoast_head":"<!-- This site is optimized with the Yoast SEO plugin v26.7 - https:\/\/yoast.com\/wordpress\/plugins\/seo\/ -->\n<title>Folgarolas T\u00e9xtil participates in MOAR\u00c9, the intersection between fashion and audiovisuals - Folgarolas<\/title>\n<meta name=\"description\" content=\"We unite two worlds. MOAR\u00c9 is audiovisual and fashion. Cinema and textiles. Innovation in the fields of image and sound and the latest trends in fashion.\" \/>\n<meta name=\"robots\" content=\"index, follow, max-snippet:-1, max-image-preview:large, max-video-preview:-1\" \/>\n<link rel=\"canonical\" href=\"https:\/\/www.folgarolas.com\/en\/folgarolas-textil-participates-in-moare-the-intersection-between-fashion-and-audiovisuals\/\" \/>\n<meta property=\"og:locale\" content=\"en_US\" \/>\n<meta property=\"og:type\" content=\"article\" \/>\n<meta property=\"og:title\" content=\"Folgarolas T\u00e9xtil participates in MOAR\u00c9, the intersection between fashion and audiovisuals - Folgarolas\" \/>\n<meta property=\"og:description\" content=\"We unite two worlds. MOAR\u00c9 is audiovisual and fashion. Cinema and textiles. Innovation in the fields of image and sound and the latest trends in fashion.\" \/>\n<meta property=\"og:url\" content=\"https:\/\/www.folgarolas.com\/en\/folgarolas-textil-participates-in-moare-the-intersection-between-fashion-and-audiovisuals\/\" \/>\n<meta property=\"og:site_name\" content=\"Folgarolas\" \/>\n<meta property=\"article:publisher\" content=\"https:\/\/m.facebook.com\/people\/Folgarolas-Textil\/100009818922143\" \/>\n<meta property=\"article:published_time\" content=\"2024-10-04T11:11:00+00:00\" \/>\n<meta property=\"article:modified_time\" content=\"2024-12-31T12:46:25+00:00\" \/>\n<meta property=\"og:image\" content=\"https:\/\/www.folgarolas.com\/wp-content\/uploads\/2024\/12\/Folagarolas-Moare.jpg\" \/>\n\t<meta property=\"og:image:width\" content=\"1366\" \/>\n\t<meta property=\"og:image:height\" content=\"822\" \/>\n\t<meta property=\"og:image:type\" content=\"image\/jpeg\" \/>\n<meta name=\"author\" content=\"Santi Fontseca\" \/>\n<meta name=\"twitter:card\" content=\"summary_large_image\" \/>\n<meta name=\"twitter:label1\" content=\"Written by\" \/>\n\t<meta name=\"twitter:data1\" content=\"Santi Fontseca\" \/>\n\t<meta name=\"twitter:label2\" content=\"Est. reading time\" \/>\n\t<meta name=\"twitter:data2\" content=\"4 minutes\" \/>\n<script type=\"application\/ld+json\" class=\"yoast-schema-graph\">{\"@context\":\"https:\/\/schema.org\",\"@graph\":[{\"@type\":\"Article\",\"@id\":\"https:\/\/www.folgarolas.com\/en\/folgarolas-textil-participates-in-moare-the-intersection-between-fashion-and-audiovisuals\/#article\",\"isPartOf\":{\"@id\":\"https:\/\/www.folgarolas.com\/en\/folgarolas-textil-participates-in-moare-the-intersection-between-fashion-and-audiovisuals\/\"},\"author\":{\"name\":\"Santi Fontseca\",\"@id\":\"https:\/\/www.folgarolas.com\/en\/#\/schema\/person\/eedbc6f120f21e6f904a8b01f8558b2a\"},\"headline\":\"Folgarolas T\u00e9xtil participates in MOAR\u00c9, the intersection between fashion and audiovisuals\",\"datePublished\":\"2024-10-04T11:11:00+00:00\",\"dateModified\":\"2024-12-31T12:46:25+00:00\",\"mainEntityOfPage\":{\"@id\":\"https:\/\/www.folgarolas.com\/en\/folgarolas-textil-participates-in-moare-the-intersection-between-fashion-and-audiovisuals\/\"},\"wordCount\":1745,\"publisher\":{\"@id\":\"https:\/\/www.folgarolas.com\/en\/#organization\"},\"image\":{\"@id\":\"https:\/\/www.folgarolas.com\/en\/folgarolas-textil-participates-in-moare-the-intersection-between-fashion-and-audiovisuals\/#primaryimage\"},\"thumbnailUrl\":\"https:\/\/www.folgarolas.com\/wp-content\/uploads\/2024\/12\/Folagarolas-Moare.jpg\",\"articleSection\":[\"Today\"],\"inLanguage\":\"en-US\"},{\"@type\":\"WebPage\",\"@id\":\"https:\/\/www.folgarolas.com\/en\/folgarolas-textil-participates-in-moare-the-intersection-between-fashion-and-audiovisuals\/\",\"url\":\"https:\/\/www.folgarolas.com\/en\/folgarolas-textil-participates-in-moare-the-intersection-between-fashion-and-audiovisuals\/\",\"name\":\"Folgarolas T\u00e9xtil participates in MOAR\u00c9, the intersection between fashion and audiovisuals - Folgarolas\",\"isPartOf\":{\"@id\":\"https:\/\/www.folgarolas.com\/en\/#website\"},\"primaryImageOfPage\":{\"@id\":\"https:\/\/www.folgarolas.com\/en\/folgarolas-textil-participates-in-moare-the-intersection-between-fashion-and-audiovisuals\/#primaryimage\"},\"image\":{\"@id\":\"https:\/\/www.folgarolas.com\/en\/folgarolas-textil-participates-in-moare-the-intersection-between-fashion-and-audiovisuals\/#primaryimage\"},\"thumbnailUrl\":\"https:\/\/www.folgarolas.com\/wp-content\/uploads\/2024\/12\/Folagarolas-Moare.jpg\",\"datePublished\":\"2024-10-04T11:11:00+00:00\",\"dateModified\":\"2024-12-31T12:46:25+00:00\",\"description\":\"We unite two worlds. MOAR\u00c9 is audiovisual and fashion. Cinema and textiles. Innovation in the fields of image and sound and the latest trends in fashion.\",\"breadcrumb\":{\"@id\":\"https:\/\/www.folgarolas.com\/en\/folgarolas-textil-participates-in-moare-the-intersection-between-fashion-and-audiovisuals\/#breadcrumb\"},\"inLanguage\":\"en-US\",\"potentialAction\":[{\"@type\":\"ReadAction\",\"target\":[\"https:\/\/www.folgarolas.com\/en\/folgarolas-textil-participates-in-moare-the-intersection-between-fashion-and-audiovisuals\/\"]}]},{\"@type\":\"ImageObject\",\"inLanguage\":\"en-US\",\"@id\":\"https:\/\/www.folgarolas.com\/en\/folgarolas-textil-participates-in-moare-the-intersection-between-fashion-and-audiovisuals\/#primaryimage\",\"url\":\"https:\/\/www.folgarolas.com\/wp-content\/uploads\/2024\/12\/Folagarolas-Moare.jpg\",\"contentUrl\":\"https:\/\/www.folgarolas.com\/wp-content\/uploads\/2024\/12\/Folagarolas-Moare.jpg\",\"width\":1366,\"height\":822},{\"@type\":\"BreadcrumbList\",\"@id\":\"https:\/\/www.folgarolas.com\/en\/folgarolas-textil-participates-in-moare-the-intersection-between-fashion-and-audiovisuals\/#breadcrumb\",\"itemListElement\":[{\"@type\":\"ListItem\",\"position\":1,\"name\":\"Portada\",\"item\":\"https:\/\/www.folgarolas.com\/en\/folgarolas\/\"},{\"@type\":\"ListItem\",\"position\":2,\"name\":\"Folgarolas T\u00e9xtil participates in MOAR\u00c9, the intersection between fashion and audiovisuals\"}]},{\"@type\":\"WebSite\",\"@id\":\"https:\/\/www.folgarolas.com\/en\/#website\",\"url\":\"https:\/\/www.folgarolas.com\/en\/\",\"name\":\"Folgarolas\",\"description\":\"Sustanaible Fibres\",\"publisher\":{\"@id\":\"https:\/\/www.folgarolas.com\/en\/#organization\"},\"potentialAction\":[{\"@type\":\"SearchAction\",\"target\":{\"@type\":\"EntryPoint\",\"urlTemplate\":\"https:\/\/www.folgarolas.com\/en\/?s={search_term_string}\"},\"query-input\":{\"@type\":\"PropertyValueSpecification\",\"valueRequired\":true,\"valueName\":\"search_term_string\"}}],\"inLanguage\":\"en-US\"},{\"@type\":\"Organization\",\"@id\":\"https:\/\/www.folgarolas.com\/en\/#organization\",\"name\":\"Folgarolas\",\"url\":\"https:\/\/www.folgarolas.com\/en\/\",\"logo\":{\"@type\":\"ImageObject\",\"inLanguage\":\"en-US\",\"@id\":\"https:\/\/www.folgarolas.com\/en\/#\/schema\/logo\/image\/\",\"url\":\"https:\/\/www.folgarolas.com\/wp-content\/uploads\/2022\/06\/Folgarolas-logo-dark_x2-2.png\",\"contentUrl\":\"https:\/\/www.folgarolas.com\/wp-content\/uploads\/2022\/06\/Folgarolas-logo-dark_x2-2.png\",\"width\":461,\"height\":108,\"caption\":\"Folgarolas\"},\"image\":{\"@id\":\"https:\/\/www.folgarolas.com\/en\/#\/schema\/logo\/image\/\"},\"sameAs\":[\"https:\/\/m.facebook.com\/people\/Folgarolas-Textil\/100009818922143\",\"https:\/\/www.instagram.com\/folgarolastextil\/\",\"https:\/\/www.linkedin.com\/company\/folgarolas-textil\/\"]},{\"@type\":\"Person\",\"@id\":\"https:\/\/www.folgarolas.com\/en\/#\/schema\/person\/eedbc6f120f21e6f904a8b01f8558b2a\",\"name\":\"Santi Fontseca\",\"image\":{\"@type\":\"ImageObject\",\"inLanguage\":\"en-US\",\"@id\":\"https:\/\/www.folgarolas.com\/en\/#\/schema\/person\/image\/\",\"url\":\"https:\/\/secure.gravatar.com\/avatar\/9e7b5a9c589d2772eb2eaec8445d058c?s=96&d=mm&r=g\",\"contentUrl\":\"https:\/\/secure.gravatar.com\/avatar\/9e7b5a9c589d2772eb2eaec8445d058c?s=96&d=mm&r=g\",\"caption\":\"Santi Fontseca\"}}]}<\/script>\n<!-- \/ Yoast SEO plugin. -->","yoast_head_json":{"title":"Folgarolas T\u00e9xtil participates in MOAR\u00c9, the intersection between fashion and audiovisuals - Folgarolas","description":"We unite two worlds. MOAR\u00c9 is audiovisual and fashion. Cinema and textiles. Innovation in the fields of image and sound and the latest trends in fashion.","robots":{"index":"index","follow":"follow","max-snippet":"max-snippet:-1","max-image-preview":"max-image-preview:large","max-video-preview":"max-video-preview:-1"},"canonical":"https:\/\/www.folgarolas.com\/en\/folgarolas-textil-participates-in-moare-the-intersection-between-fashion-and-audiovisuals\/","og_locale":"en_US","og_type":"article","og_title":"Folgarolas T\u00e9xtil participates in MOAR\u00c9, the intersection between fashion and audiovisuals - Folgarolas","og_description":"We unite two worlds. MOAR\u00c9 is audiovisual and fashion. Cinema and textiles. Innovation in the fields of image and sound and the latest trends in fashion.","og_url":"https:\/\/www.folgarolas.com\/en\/folgarolas-textil-participates-in-moare-the-intersection-between-fashion-and-audiovisuals\/","og_site_name":"Folgarolas","article_publisher":"https:\/\/m.facebook.com\/people\/Folgarolas-Textil\/100009818922143","article_published_time":"2024-10-04T11:11:00+00:00","article_modified_time":"2024-12-31T12:46:25+00:00","og_image":[{"width":1366,"height":822,"url":"https:\/\/www.folgarolas.com\/wp-content\/uploads\/2024\/12\/Folagarolas-Moare.jpg","type":"image\/jpeg"}],"author":"Santi Fontseca","twitter_card":"summary_large_image","twitter_misc":{"Written by":"Santi Fontseca","Est. reading time":"4 minutes"},"schema":{"@context":"https:\/\/schema.org","@graph":[{"@type":"Article","@id":"https:\/\/www.folgarolas.com\/en\/folgarolas-textil-participates-in-moare-the-intersection-between-fashion-and-audiovisuals\/#article","isPartOf":{"@id":"https:\/\/www.folgarolas.com\/en\/folgarolas-textil-participates-in-moare-the-intersection-between-fashion-and-audiovisuals\/"},"author":{"name":"Santi Fontseca","@id":"https:\/\/www.folgarolas.com\/en\/#\/schema\/person\/eedbc6f120f21e6f904a8b01f8558b2a"},"headline":"Folgarolas T\u00e9xtil participates in MOAR\u00c9, the intersection between fashion and audiovisuals","datePublished":"2024-10-04T11:11:00+00:00","dateModified":"2024-12-31T12:46:25+00:00","mainEntityOfPage":{"@id":"https:\/\/www.folgarolas.com\/en\/folgarolas-textil-participates-in-moare-the-intersection-between-fashion-and-audiovisuals\/"},"wordCount":1745,"publisher":{"@id":"https:\/\/www.folgarolas.com\/en\/#organization"},"image":{"@id":"https:\/\/www.folgarolas.com\/en\/folgarolas-textil-participates-in-moare-the-intersection-between-fashion-and-audiovisuals\/#primaryimage"},"thumbnailUrl":"https:\/\/www.folgarolas.com\/wp-content\/uploads\/2024\/12\/Folagarolas-Moare.jpg","articleSection":["Today"],"inLanguage":"en-US"},{"@type":"WebPage","@id":"https:\/\/www.folgarolas.com\/en\/folgarolas-textil-participates-in-moare-the-intersection-between-fashion-and-audiovisuals\/","url":"https:\/\/www.folgarolas.com\/en\/folgarolas-textil-participates-in-moare-the-intersection-between-fashion-and-audiovisuals\/","name":"Folgarolas T\u00e9xtil participates in MOAR\u00c9, the intersection between fashion and audiovisuals - Folgarolas","isPartOf":{"@id":"https:\/\/www.folgarolas.com\/en\/#website"},"primaryImageOfPage":{"@id":"https:\/\/www.folgarolas.com\/en\/folgarolas-textil-participates-in-moare-the-intersection-between-fashion-and-audiovisuals\/#primaryimage"},"image":{"@id":"https:\/\/www.folgarolas.com\/en\/folgarolas-textil-participates-in-moare-the-intersection-between-fashion-and-audiovisuals\/#primaryimage"},"thumbnailUrl":"https:\/\/www.folgarolas.com\/wp-content\/uploads\/2024\/12\/Folagarolas-Moare.jpg","datePublished":"2024-10-04T11:11:00+00:00","dateModified":"2024-12-31T12:46:25+00:00","description":"We unite two worlds. MOAR\u00c9 is audiovisual and fashion. Cinema and textiles. Innovation in the fields of image and sound and the latest trends in fashion.","breadcrumb":{"@id":"https:\/\/www.folgarolas.com\/en\/folgarolas-textil-participates-in-moare-the-intersection-between-fashion-and-audiovisuals\/#breadcrumb"},"inLanguage":"en-US","potentialAction":[{"@type":"ReadAction","target":["https:\/\/www.folgarolas.com\/en\/folgarolas-textil-participates-in-moare-the-intersection-between-fashion-and-audiovisuals\/"]}]},{"@type":"ImageObject","inLanguage":"en-US","@id":"https:\/\/www.folgarolas.com\/en\/folgarolas-textil-participates-in-moare-the-intersection-between-fashion-and-audiovisuals\/#primaryimage","url":"https:\/\/www.folgarolas.com\/wp-content\/uploads\/2024\/12\/Folagarolas-Moare.jpg","contentUrl":"https:\/\/www.folgarolas.com\/wp-content\/uploads\/2024\/12\/Folagarolas-Moare.jpg","width":1366,"height":822},{"@type":"BreadcrumbList","@id":"https:\/\/www.folgarolas.com\/en\/folgarolas-textil-participates-in-moare-the-intersection-between-fashion-and-audiovisuals\/#breadcrumb","itemListElement":[{"@type":"ListItem","position":1,"name":"Portada","item":"https:\/\/www.folgarolas.com\/en\/folgarolas\/"},{"@type":"ListItem","position":2,"name":"Folgarolas T\u00e9xtil participates in MOAR\u00c9, the intersection between fashion and audiovisuals"}]},{"@type":"WebSite","@id":"https:\/\/www.folgarolas.com\/en\/#website","url":"https:\/\/www.folgarolas.com\/en\/","name":"Folgarolas","description":"Sustanaible Fibres","publisher":{"@id":"https:\/\/www.folgarolas.com\/en\/#organization"},"potentialAction":[{"@type":"SearchAction","target":{"@type":"EntryPoint","urlTemplate":"https:\/\/www.folgarolas.com\/en\/?s={search_term_string}"},"query-input":{"@type":"PropertyValueSpecification","valueRequired":true,"valueName":"search_term_string"}}],"inLanguage":"en-US"},{"@type":"Organization","@id":"https:\/\/www.folgarolas.com\/en\/#organization","name":"Folgarolas","url":"https:\/\/www.folgarolas.com\/en\/","logo":{"@type":"ImageObject","inLanguage":"en-US","@id":"https:\/\/www.folgarolas.com\/en\/#\/schema\/logo\/image\/","url":"https:\/\/www.folgarolas.com\/wp-content\/uploads\/2022\/06\/Folgarolas-logo-dark_x2-2.png","contentUrl":"https:\/\/www.folgarolas.com\/wp-content\/uploads\/2022\/06\/Folgarolas-logo-dark_x2-2.png","width":461,"height":108,"caption":"Folgarolas"},"image":{"@id":"https:\/\/www.folgarolas.com\/en\/#\/schema\/logo\/image\/"},"sameAs":["https:\/\/m.facebook.com\/people\/Folgarolas-Textil\/100009818922143","https:\/\/www.instagram.com\/folgarolastextil\/","https:\/\/www.linkedin.com\/company\/folgarolas-textil\/"]},{"@type":"Person","@id":"https:\/\/www.folgarolas.com\/en\/#\/schema\/person\/eedbc6f120f21e6f904a8b01f8558b2a","name":"Santi Fontseca","image":{"@type":"ImageObject","inLanguage":"en-US","@id":"https:\/\/www.folgarolas.com\/en\/#\/schema\/person\/image\/","url":"https:\/\/secure.gravatar.com\/avatar\/9e7b5a9c589d2772eb2eaec8445d058c?s=96&d=mm&r=g","contentUrl":"https:\/\/secure.gravatar.com\/avatar\/9e7b5a9c589d2772eb2eaec8445d058c?s=96&d=mm&r=g","caption":"Santi Fontseca"}}]}},"_links":{"self":[{"href":"https:\/\/www.folgarolas.com\/en\/wp-json\/wp\/v2\/posts\/7511","targetHints":{"allow":["GET"]}}],"collection":[{"href":"https:\/\/www.folgarolas.com\/en\/wp-json\/wp\/v2\/posts"}],"about":[{"href":"https:\/\/www.folgarolas.com\/en\/wp-json\/wp\/v2\/types\/post"}],"author":[{"embeddable":true,"href":"https:\/\/www.folgarolas.com\/en\/wp-json\/wp\/v2\/users\/2"}],"replies":[{"embeddable":true,"href":"https:\/\/www.folgarolas.com\/en\/wp-json\/wp\/v2\/comments?post=7511"}],"version-history":[{"count":4,"href":"https:\/\/www.folgarolas.com\/en\/wp-json\/wp\/v2\/posts\/7511\/revisions"}],"predecessor-version":[{"id":7515,"href":"https:\/\/www.folgarolas.com\/en\/wp-json\/wp\/v2\/posts\/7511\/revisions\/7515"}],"wp:featuredmedia":[{"embeddable":true,"href":"https:\/\/www.folgarolas.com\/en\/wp-json\/wp\/v2\/media\/7506"}],"wp:attachment":[{"href":"https:\/\/www.folgarolas.com\/en\/wp-json\/wp\/v2\/media?parent=7511"}],"wp:term":[{"taxonomy":"category","embeddable":true,"href":"https:\/\/www.folgarolas.com\/en\/wp-json\/wp\/v2\/categories?post=7511"},{"taxonomy":"post_tag","embeddable":true,"href":"https:\/\/www.folgarolas.com\/en\/wp-json\/wp\/v2\/tags?post=7511"}],"curies":[{"name":"wp","href":"https:\/\/api.w.org\/{rel}","templated":true}]}}